[{"@context":"https:\/\/schema.org\/","@type":"Article","@id":"https:\/\/www.golija.cz\/kdy-na-stehovani-do-estonska\/#Article","mainEntityOfPage":"https:\/\/www.golija.cz\/kdy-na-stehovani-do-estonska\/","headline":"Kdy na st\u011bhov\u00e1n\u00ed do Estonska","name":"Kdy na st\u011bhov\u00e1n\u00ed do Estonska","description":"Pl\u00e1nujete st\u011bhov\u00e1n\u00ed do Estonska a prozat\u00edm jde o dlouhodob\u00fd horizont, kdy je\u0161t\u011b nezn\u00e1te term\u00edn? Pak bychom si tu mohli spole\u010dn\u011b [&hellip;]","datePublished":"2024-07-27","dateModified":"2024-07-27","author":{"@type":"Person","@id":"https:\/\/www.golija.cz\/author\/#Person","name":"","url":"https:\/\/www.golija.cz\/author\/","identifier":1,"image":{"@type":"ImageObject","@id":"https:\/\/secure.gravatar.com\/avatar\/8ee00db67df6a380981db2e33f97d2fa79637c4880a83f2a0ac4c29b5bb179e1?s=96&d=mm&r=g","url":"https:\/\/secure.gravatar.com\/avatar\/8ee00db67df6a380981db2e33f97d2fa79637c4880a83f2a0ac4c29b5bb179e1?s=96&d=mm&r=g","height":96,"width":96}},"publisher":{"@type":"Organization","name":"golija.cz","logo":{"@type":"ImageObject","@id":"\/logo.png","url":"\/logo.png","width":600,"height":60}},"image":{"@type":"ImageObject","@id":"https:\/\/www.golija.cz\/wp-content\/uploads\/estonia-7452604_640.jpg","url":"https:\/\/www.golija.cz\/wp-content\/uploads\/estonia-7452604_640.jpg","height":0,"width":0},"url":"https:\/\/www.golija.cz\/kdy-na-stehovani-do-estonska\/","about":["Online"],"wordCount":428,"articleBody":"   Pl\u00e1nujete st\u011bhov\u00e1n\u00ed do Estonska a prozat\u00edm jde o dlouhodob\u00fd horizont, kdy je\u0161t\u011b nezn\u00e1te term\u00edn? Pak bychom si tu mohli spole\u010dn\u011b probrat n\u011bkter\u00e9 d\u016fle\u017eit\u00e9 jevy, kter\u00e9 v\u00e1m mohou st\u011bhov\u00e1n\u00ed bu\u010f zkomplikovat nebo naopak usnadnit.Rozmary po\u010das\u00ed \u2013 Estonsko je zem\u011b na b\u0159ez\u00edch Baltsk\u00e9ho mo\u0159e \u2013 Finsk\u00e9ho z\u00e1livu a jeho hlavn\u00ed m\u011bsto Tallinn se nach\u00e1z\u00ed ji\u017e na 59. stupni severn\u00ed \u0161\u00ed\u0159ky, podobn\u011b jako finsk\u00e9 Helsinki nebo \u0161v\u00e9dsk\u00fd Stockholm. Estonsko je seversk\u00e1 zem\u011b, a je tu tud\u00ed\u017e del\u0161\u00ed zima a krat\u0161\u00ed l\u00e9to. M\u011bli byste myslet na to, \u017ee pokud se chcete st\u011bhovat na ja\u0159e nebo na podzim, mohou v\u00e1m komplikovat dopravu zbytky sn\u011bhu, n\u00e1led\u00ed a n\u00e1mraza na vozovk\u00e1ch, na chodn\u00edc\u00edch a v p\u0159\u00edrod\u011b. Odlo\u017ete rad\u011bji st\u011bhov\u00e1n\u00ed na sever Evropy na letn\u00ed obdob\u00ed, nejl\u00e9pe mezi \u010dervnem a srpnem. V t\u00e9to dob\u011b je tu i p\u0159\u00edjemn\u00e9 teplo a pravd\u011bpodobn\u011b v\u00e1s tu nepotkaj\u00ed ani tropick\u00e1 vedra.V\u00edkendy a sv\u00e1tky \u2013 st\u011bhov\u00e1n\u00ed do zahrani\u010d\u00ed o v\u00edkendech si rad\u011bji rozmyslete, proto\u017ee v ned\u011bli, ve sv\u00e1tc\u00edch, a n\u011bkde i v sobotu nebo dokonce v p\u00e1tek ve\u010der, plat\u00ed z\u00e1kaz pohybu kamion\u016f nad 3,5 tuny po evropsk\u00fdch d\u00e1lnic\u00edch. Zjist\u011bte si p\u0159edem, kudy pojede st\u011bhovac\u00ed v\u016fz s va\u0161imi v\u011bcmi, a ov\u011b\u0159te si v t\u011bchto st\u00e1tech v\u0161echny dopravn\u00ed omezen\u00ed. V p\u0159\u00edpad\u011b st\u011bhov\u00e1n\u00ed do Estonska to tedy bude z\u0159ejm\u011b Polsko (Slovensko), Litva, Loty\u0161sko a Estonsko.Parkov\u00e1n\u00ed vozidla \u2013 jestli\u017ee se st\u011bhujete z Prahy nebo z jin\u00e9ho v\u011bt\u0161\u00edho m\u011bsta, kde se plat\u00ed za parkov\u00e1n\u00ed, a kde je t\u0159eba po\u017e\u00e1dat pro st\u011bhovac\u00ed vozy o parkovac\u00ed v\u00fdjimku, pak byste m\u011bli tento administrativn\u00ed krok za\u0159\u00eddit v\u010das. Pamatujte na to, \u017ee st\u00e1tn\u00ed spr\u00e1va m\u00e1 na vy\u0159\u00edzen\u00ed va\u0161\u00ed \u017e\u00e1dosti cel\u00fdch t\u0159icet kalend\u00e1\u0159n\u00edch dn\u016f, tak\u017ee pokud po\u017e\u00e1d\u00e1te o parkov\u00e1n\u00ed pro st\u011bhov\u00e1ky t\u0159eba \u010dtrn\u00e1ct dn\u016f p\u0159ed domluven\u00fdm term\u00ednem st\u011bhov\u00e1n\u00ed, nemus\u00ed v\u00e1m va\u0161e \u017e\u00e1dost vyj\u00edt, a budete m\u00edt z\u00e1va\u017en\u00fd probl\u00e9m. \u017d\u00e1dost o parkov\u00e1n\u00ed tedy vy\u0159izujte nejl\u00e9pe p\u011bt a\u017e \u0161est t\u00fddn\u016f p\u0159edem, kdy u\u017e zn\u00e1te den, kdy se st\u011bhujete.                                                                                                                                                                                                                                                                                                                                                                                          4.6\/5 - (12 votes)        "},{"@context":"https:\/\/schema.org\/","@type":"BreadcrumbList","itemListElement":[{"@type":"ListItem","position":1,"name":"Kdy na st\u011bhov\u00e1n\u00ed do Estonska","item":"https:\/\/www.golija.cz\/kdy-na-stehovani-do-estonska\/#breadcrumbitem"}]}]