[{"@context":"https:\/\/schema.org\/","@type":"Article","@id":"https:\/\/www.golija.cz\/pozor-na-dane\/#Article","mainEntityOfPage":"https:\/\/www.golija.cz\/pozor-na-dane\/","headline":"Pozor na dan\u011b!","name":"Pozor na dan\u011b!","description":"Do konce ledna m\u011bli na\u0161inci povinnost podat p\u0159izn\u00e1n\u00ed k\u00a0dani z\u00a0nemovitosti. Museli tak u\u010dinit v\u0161ichni, kdo si loni n\u011bjakou nemovitost koupili, [&hellip;]","datePublished":"2020-10-19","dateModified":"2023-05-01","author":{"@type":"Person","@id":"https:\/\/www.golija.cz\/author\/#Person","name":"","url":"https:\/\/www.golija.cz\/author\/","identifier":1,"image":{"@type":"ImageObject","@id":"https:\/\/secure.gravatar.com\/avatar\/8ee00db67df6a380981db2e33f97d2fa79637c4880a83f2a0ac4c29b5bb179e1?s=96&d=mm&r=g","url":"https:\/\/secure.gravatar.com\/avatar\/8ee00db67df6a380981db2e33f97d2fa79637c4880a83f2a0ac4c29b5bb179e1?s=96&d=mm&r=g","height":96,"width":96}},"publisher":{"@type":"Organization","name":"golija.cz","logo":{"@type":"ImageObject","@id":"\/logo.png","url":"\/logo.png","width":600,"height":60}},"image":{"@type":"ImageObject","@id":"https:\/\/www.golija.cz\/wp-content\/uploads\/img_a338037_w2617_t1550851792.jpg","url":"https:\/\/www.golija.cz\/wp-content\/uploads\/img_a338037_w2617_t1550851792.jpg","height":0,"width":0},"url":"https:\/\/www.golija.cz\/pozor-na-dane\/","about":["Ekonomika"],"wordCount":577,"articleBody":"Do konce ledna m\u011bli na\u0161inci povinnost podat p\u0159izn\u00e1n\u00ed k\u00a0dani z\u00a0nemovitosti. Museli tak u\u010dinit v\u0161ichni, kdo si loni n\u011bjakou nemovitost koupili, respektive prodali \u010di p\u0159estav\u011bli, prost\u011b u koho se n\u011bco zm\u011bnilo v\u00a0ot\u00e1zce vlastn\u011bn\u00ed nemovit\u00e9ho majetku.Kdo to nestihl, m\u011bl je\u0161t\u011b dal\u0161\u00edch p\u011bt dn\u00ed k\u00a0dobru. Nad p\u011bti dny zpo\u017ed\u011bn\u00ed byly finan\u010dn\u00ed \u00fa\u0159ady podle ofici\u00e1ln\u00ed informace je\u0161t\u011b ochotn\u00e9 p\u0159imhou\u0159it o\u010dko. Ov\u0161em je t\u0159eba tu zd\u016fraznit, \u017ee \u0161lo o a\u017e o p\u011bt dn\u00ed opo\u017ed\u011bn\u00e9 pod\u00e1n\u00ed, nikoliv odesl\u00e1n\u00ed. Co\u017e u\u017e je te\u010f ale vcelku jedno.Proto\u017ee te\u010f u\u017e je i tato lh\u016fta v\u00a0tahu a ti, kdo se tak neopr\u00e1vn\u011bn\u011b k\u00a0dani nep\u0159ihl\u00e1sili, mus\u00ed po\u010d\u00edtat se sankcemi. Co\u017e ale neznamen\u00e1, \u017ee by m\u011bli hodit flintu do \u017eita a trpn\u011b \u010dekat, kdy se na n\u011b \u00fa\u0159edn\u00ed \u0161iml vrhne, aby je n\u00e1le\u017eit\u011b zkas\u00edroval.I nyn\u00ed je z\u00e1hodno \u2013 by\u0165 opo\u017ed\u011bn\u011b \u2013 v\u0161e \u0159e\u0161it a podat p\u0159izn\u00e1n\u00ed co nejrychleji. Proto\u017ee s\u00a0ka\u017ed\u00fdm dnem zpo\u017ed\u011bn\u00ed naskakuje dal\u0161\u00ed a dal\u0161\u00ed pen\u00e1le, pokuta ve v\u00fd\u0161i 0,05 procenta z vym\u011b\u0159en\u00e9 dan\u011b, a to a\u017e do v\u00fd\u0161e p\u011bti procent t\u00e9to dan\u011b a z\u00e1rove\u0148 maxim\u00e1ln\u011b 300000 korun. A tato pokuta sice nebude odpu\u0161t\u011bna, ale m\u016f\u017ee b\u00fdt aspo\u0148 sn\u00ed\u017eena o celou polovinu, pokud se h\u0159\u00ed\u0161n\u00edk naprav\u00ed do t\u0159iceti dn\u016f po \u0159\u00e1dn\u00e9m term\u00ednu a sou\u010dasn\u011b nem\u00e1 \u017e\u00e1dn\u00e9 dal\u0161\u00ed zpo\u017ed\u011bn\u00e9 da\u0148ov\u00e9 p\u0159izn\u00e1n\u00ed. Zat\u00edmco pokud doty\u010dn\u00fd bude ot\u00e1let a \u010dekat a\u017e na v\u00fdzvu finan\u010dn\u00edho \u00fa\u0159adu, bude ho to st\u00e1t navrch minim\u00e1ln\u011b p\u011btistovku.A po p\u0159izn\u00e1n\u00ed bude muset takov\u00fd \u010dlov\u011bk zm\u00edn\u011bnou da\u0148 i zaplatit. A to do 31. kv\u011btna 2019, respektive bez sankce nejpozd\u011bji do 7. \u010dervna, v\u00a0p\u0159\u00edpad\u011b dvou spl\u00e1tek pak tu druhou do 2. prosince. Na\u010de\u017e za\u010dne opozdilci nab\u00edhat da\u0148 z prodlen\u00ed z repo sazby \u010cesk\u00e9 n\u00e1rodn\u00ed banky nav\u00fd\u0161en\u00e9 o 14 procent.\u010clov\u011bk by m\u011bl dostat slo\u017eenku, av\u0161ak nedostane-li ji v\u010das, m\u00e1 kontaktovat \u00fazemn\u00ed pracovi\u0161t\u011b m\u00edstn\u011b p\u0159\u00edslu\u0161n\u00e9ho finan\u010dn\u00edho \u00fa\u0159adu, aby se dozv\u011bd\u011bl, kolik m\u00e1 zaplatit.T\u00fdk\u00e1 se to v\u0161ech, kdo se stali v minul\u00e9m roce vlastn\u00edky nemovitosti, kdo tu ji\u017e d\u0159\u00edve vlastn\u011bnou p\u0159estav\u011bli, roz\u0161\u00ed\u0159ili nebo v\u00fdrazn\u011bji zm\u011bnili, p\u0159\u00edpadn\u011b kdo zm\u011bnili velikost nebo typ vlastn\u011bn\u00e9 parcely. A tak\u00e9 v\u0161ech, kdo loni jednu nemovitost z\u00a0v\u00edce vlastn\u011bn\u00fdch prodali.Kdo se pak nemovitost\u00ed loni zcela zbavil, m\u011bl o tom informovat finan\u010dn\u00ed \u00fa\u0159ad, sic mu bude da\u0148 z\u00a0prodan\u00e9 nemovitosti vym\u011b\u0159ena automaticky znovu.Lid\u00e9 prost\u011b mus\u00ed platit. St\u00e1tu i za to, \u017ee zvelebuj\u00ed jeho kousek, ani\u017e by tento hnul pro takov\u00e9ho majitele nemovitosti prstem. A je slabou \u00fat\u011bchou, \u017ee se takov\u00fd pl\u00e1tce dan\u011b u\u017e nemus\u00ed starat o jej\u00ed v\u00fd\u0161i, \u017ee dojde-li ke zm\u011bn\u00e1m sazeb dan\u011b, ceny p\u016fdy nebo v\u00fdpo\u010dtov\u00e9ho koeficientu, p\u0159epo\u010d\u00edtaj\u00ed mu to na finan\u010dn\u00edm \u00fa\u0159ad\u011b a uprav\u00ed \u010d\u00e1stku, ji\u017e je doty\u010dn\u00fd povinen uhradit.                                                                                                                                                                                                                                                                                                                                                                                        3.9\/5 - (7 votes)        "},{"@context":"https:\/\/schema.org\/","@type":"BreadcrumbList","itemListElement":[{"@type":"ListItem","position":1,"name":"Pozor na dan\u011b!","item":"https:\/\/www.golija.cz\/pozor-na-dane\/#breadcrumbitem"}]}]