[{"@context":"https:\/\/schema.org\/","@type":"Article","@id":"https:\/\/www.golija.cz\/teple-obleceni\/#Article","mainEntityOfPage":"https:\/\/www.golija.cz\/teple-obleceni\/","headline":"Tepl\u00e9 oble\u010den\u00ed","name":"Tepl\u00e9 oble\u010den\u00ed","description":"Podzim je velice zr\u00e1dn\u00e9 p\u0159echodov\u00e9 obdob\u00ed, kter\u00e9 n\u00e1s dok\u00e1\u017ee ve spoust\u011b v\u011bcech nep\u0159\u00edjemn\u011b, ale i p\u0159\u00edjemn\u011b p\u0159ekvapit. Jak je po [&hellip;]","datePublished":"2021-09-05","dateModified":"2023-05-01","author":{"@type":"Person","@id":"https:\/\/www.golija.cz\/author\/#Person","name":"","url":"https:\/\/www.golija.cz\/author\/","identifier":1,"image":{"@type":"ImageObject","@id":"https:\/\/secure.gravatar.com\/avatar\/8ee00db67df6a380981db2e33f97d2fa79637c4880a83f2a0ac4c29b5bb179e1?s=96&d=mm&r=g","url":"https:\/\/secure.gravatar.com\/avatar\/8ee00db67df6a380981db2e33f97d2fa79637c4880a83f2a0ac4c29b5bb179e1?s=96&d=mm&r=g","height":96,"width":96}},"publisher":{"@type":"Organization","name":"golija.cz","logo":{"@type":"ImageObject","@id":"\/logo.png","url":"\/logo.png","width":600,"height":60}},"image":{"@type":"ImageObject","@id":"https:\/\/www.golija.cz\/wp-content\/uploads\/%C5%BDena%20v%20rol%C3%A1ku.jpg","url":"https:\/\/www.golija.cz\/wp-content\/uploads\/%C5%BDena%20v%20rol%C3%A1ku.jpg","height":0,"width":0},"url":"https:\/\/www.golija.cz\/teple-obleceni\/","about":["V\u00fdrobky"],"wordCount":452,"articleBody":"        Podzim je velice zr\u00e1dn\u00e9 p\u0159echodov\u00e9 obdob\u00ed, kter\u00e9 n\u00e1s dok\u00e1\u017ee ve spoust\u011b v\u011bcech nep\u0159\u00edjemn\u011b, ale i p\u0159\u00edjemn\u011b p\u0159ekvapit. Jak je po mnoho let zn\u00e1mo, tak je podzim p\u0159\u00edrodn\u00ed mal\u00ed\u0159, kter\u00fd maluje v\u0161emi barvami, na pohled je to opravdu kr\u00e1sn\u00e1 z\u00e1le\u017eitost, ale mus\u00edme se tak\u00e9 d\u00edvat na tu druhou stranu podzimu, a to jsou p\u0159echodn\u00e9 a kol\u00edsav\u00e9 teploty, kter\u00e9 dok\u00e1\u017e\u00ed na\u0161e t\u011blo velice nep\u0159\u00edjemn\u011b p\u0159ekvapit. Jeliko\u017e podzim p\u0159ich\u00e1z\u00ed p\u0159\u00edmo po l\u00e9t\u011b, kdy cel\u00e9 dny sv\u00edt\u00ed tepl\u00e9, rozp\u00e1len\u00e9 slun\u00ed\u010dko a jsme zvykl\u00ed nosit pouze lehk\u00e9 oble\u010den\u00ed, p\u0159echod do podzimu m\u016f\u017ee b\u00fdt pro na\u0161e t\u011blo opravdu zaskakuj\u00edc\u00ed a lid\u00e9 se slab\u0161\u00edm imunitn\u00edm syst\u00e9mem v t\u011bchto p\u0159\u00edpadech \u010dasto onemocn\u00ed v\u0161elijak\u00fdmi nemocemi.Proto je d\u016fle\u017eit\u00e9 se d\u00edvat o krok dop\u0159edu a sna\u017eit se pr\u00e1v\u011b t\u011bmto n\u00e1sledk\u016fm vyvarovat. Jednou z mo\u017enost\u00ed je nap\u0159\u00edklad za\u010d\u00edt br\u00e1t v\u0161elijak\u00e9 dopl\u0148ky stravy a vitam\u00edny, aby va\u0161e t\u011blo bylo co nejsiln\u011bj\u0161\u00ed a m\u011blo tak co nejlep\u0161\u00ed imunitu. Pr\u00e1\u0161k\u016f na dopln\u011bn\u00ed stravy a vitam\u00edn\u016f je v dne\u0161n\u00ed dob\u011b opravdu hodn\u011b a m\u016f\u017eete si vybrat snad ze v\u0161eho, co by va\u0161emu t\u011blu mohlo sch\u00e1zet. Pokud byste nap\u0159\u00edklad cht\u011bli zjistit, v jak\u00fdch l\u00e1tk\u00e1ch va\u0161e t\u011blo str\u00e1d\u00e1, abyste v\u011bd\u011bli, jak\u00e9 dopl\u0148ky si n\u00e1sledn\u011b m\u00e1te koupit, m\u016f\u017eete se stavit na r\u016fzn\u00e1 vy\u0161et\u0159en\u00ed, kde v\u00e1m tyto hodnoty p\u0159esn\u011b vypo\u010d\u00edtaj\u00ed a n\u00e1sledn\u011b ur\u010d\u00ed. Dal\u0161\u00ed mo\u017enost\u00ed, jak p\u0159edch\u00e1zet onemocn\u011bn\u00ed je samoz\u0159ejm\u011b tepl\u00e9 oble\u010den\u00ed, kter\u00e9 je v tomto obdob\u00ed opravdu pot\u0159eba.P\u0159esta\u0148te v danou chv\u00edli myslet na styl, abyste vypadali co nejl\u00e9pe a rad\u011bji se po\u0159\u00e1dn\u011b oble\u010dte a nevystavujte svoje t\u011blo extr\u00e9mn\u00edm podm\u00ednk\u00e1m, kter\u00fdm mus\u00ed \u010delit v p\u0159\u00edpad\u011b, \u017ee jste v n\u00edzk\u00fdch teplot\u00e1ch m\u00e1lo oble\u010deni. D\u016fle\u017eit\u00fdm dopl\u0148kem a oble\u010den\u00edm jsou samoz\u0159ejm\u011b tepl\u00e9 \u010depice, kter\u00e9 v\u00e1m chr\u00e1n\u00ed v teple va\u0161i hlavu a d\u00edky tomu i nap\u0159\u00edklad dutiny a tak d\u00e1le. Pokud jste n\u00e1ro\u010dn\u00fdmi z\u00e1kazn\u00edky a m\u00e1lo kter\u00e9 \u010depice se v\u00e1m l\u00edb\u00ed, m\u016f\u017eete se pod\u00edvat nap\u0159\u00edklad na stylov\u00e9 \u010depice Craft, kter\u00e9 jsou perfektn\u00ed kombinac\u00ed stylu a kvalitn\u00edho oble\u010den\u00ed.                                                                                                                                                                                                                                                                                                                                                                                           4.4\/5 - (12 votes)        "},{"@context":"https:\/\/schema.org\/","@type":"BreadcrumbList","itemListElement":[{"@type":"ListItem","position":1,"name":"Tepl\u00e9 oble\u010den\u00ed","item":"https:\/\/www.golija.cz\/teple-obleceni\/#breadcrumbitem"}]}]