[{"@context":"https:\/\/schema.org\/","@type":"Article","@id":"https:\/\/www.golija.cz\/zima-neni-prekazkou-vyrazte-do-prirody\/#Article","mainEntityOfPage":"https:\/\/www.golija.cz\/zima-neni-prekazkou-vyrazte-do-prirody\/","headline":"Zima nen\u00ed p\u0159ek\u00e1\u017ekou, vyra\u017ete do p\u0159\u00edrody!","name":"Zima nen\u00ed p\u0159ek\u00e1\u017ekou, vyra\u017ete do p\u0159\u00edrody!","description":"V\u011bt\u0161ina lid\u00ed nem\u00e1 r\u00e1do zimu. Chladno, mrazy, n\u00e1led\u00ed. Mezi dal\u0161\u00ed negativa zimy pat\u0159\u00ed i oslaben\u00e1 imunita, nachlazen\u00ed n\u011bkdy dokonce angina [&hellip;]","datePublished":"2022-02-28","dateModified":"2023-05-01","author":{"@type":"Person","@id":"https:\/\/www.golija.cz\/author\/#Person","name":"","url":"https:\/\/www.golija.cz\/author\/","identifier":1,"image":{"@type":"ImageObject","@id":"https:\/\/secure.gravatar.com\/avatar\/8ee00db67df6a380981db2e33f97d2fa79637c4880a83f2a0ac4c29b5bb179e1?s=96&d=mm&r=g","url":"https:\/\/secure.gravatar.com\/avatar\/8ee00db67df6a380981db2e33f97d2fa79637c4880a83f2a0ac4c29b5bb179e1?s=96&d=mm&r=g","height":96,"width":96}},"publisher":{"@type":"Organization","name":"golija.cz","logo":{"@type":"ImageObject","@id":"\/logo.png","url":"\/logo.png","width":600,"height":60}},"image":{"@type":"ImageObject","@id":"https:\/\/www.golija.cz\/wp-content\/uploads\/snow-2366010_1280.jpg","url":"https:\/\/www.golija.cz\/wp-content\/uploads\/snow-2366010_1280.jpg","height":0,"width":0},"url":"https:\/\/www.golija.cz\/zima-neni-prekazkou-vyrazte-do-prirody\/","about":["Byznys"],"wordCount":460,"articleBody":"   V\u011bt\u0161ina lid\u00ed nem\u00e1 r\u00e1do zimu. Chladno, mrazy, n\u00e1led\u00ed. Mezi dal\u0161\u00ed negativa zimy pat\u0159\u00ed i oslaben\u00e1 imunita, nachlazen\u00ed n\u011bkdy dokonce angina nebo z\u00e1pal plic. Ale v\u00edte, \u017ee bychom m\u011bli i v zim\u011b chodit ven? Ano, ne proto, abychom se nachladili, to samoz\u0159ejm\u011b ne, ale pr\u00e1v\u011b proto, abychom pos\u00edlili svoj\u00ed imunitu. Nen\u00ed nadto se po\u0159\u00e1dn\u011b nad\u00fdchat \u010derstv\u00e9ho vzduchu. To je prost\u011b n\u00e1dhera! Mysl\u00edm nebo sp\u00ed\u0161e douf\u00e1m, \u017ee nemus\u00edm p\u0159ipom\u00ednat, \u017ee bychom m\u011bli d\u00fdchat nosem a to obzvl\u00e1\u0161\u0165 v zim\u011b, abychom se p\u0159\u00edli\u0161 nenad\u00fdchali studen\u00e9ho vzduchu a nemuseli poct\u00edt svoj\u00ed n\u00e1v\u0161t\u011bvou pana doktora. Ne, ale te\u010f v\u00e1\u017en\u011b, zima m\u00e1 sv\u00e9 v\u00fdhody, t\u0159eba pokud trp\u00edte na astma, tak si mysl\u00edm, \u017ee pat\u0159\u00edte naopak k velk\u00fdm milovn\u00edk\u016fm zimy, proto\u017ee lidem trp\u00edc\u00edm astmatem se v t\u011bch nejv\u011bt\u0161\u00edch mrazech ulev\u00ed. \u00daleva k nezaplacen\u00ed, proto se tak\u00e9 doporu\u010duj\u00ed \u010dast\u00e9 pobyty na hor\u00e1ch. A v\u00edte, jak je kr\u00e1sn\u00e1 p\u0159\u00edroda v zim\u011b? Jako kdyby to ani nebylo skute\u010dn\u00e9. Jak kdyby to jen n\u011bkdo namaloval. Mr\u00e1z je sice studen\u00fd, ale n\u00e1dhern\u00fd ! A to stoj\u00ed za to to zaznamenat, nemysl\u00edte? Je d\u016fle\u017eit\u00e9 se nau\u010dit radovat z p\u0159\u00edtomnosti. Z toho co je nyn\u00ed, ne po\u0159\u00e1d jen \u010dekat, co bude v budoucnosti. Tak\u017ee ne za t\u00fdden nebo dva, za rok, za deset let. Ne! Pod\u00edvejte se, v jak\u00e9m z na\u0161ich apartm\u00e1n\u016f by se V\u00e1m l\u00edbilo, a hned si ho rezervujte, aby V\u00e1s n\u00e1hodou nenapadlo si to rozmyslet. Zima nen\u00ed p\u0159ek\u00e1\u017ekou, je n\u00e1dhern\u00e1, tak si j\u00ed poj\u010fte u\u017e\u00edt s n\u00e1mi v n\u011bjak\u00e9m kr\u00e1sn\u00e9m apartm\u00e1nu. Na na\u0161ich str\u00e1nk\u00e1ch najdete nejen apartm\u00e1ny, kter\u00e9 si m\u016f\u017eete rezervovat, ale tak\u00e9 tam najdete tipy na v\u00fdlety, m\u00edsta, kter\u00e1 ur\u010dit\u011b stoj\u00ed za to nav\u0161t\u00edvit! Jestli neum\u00edte ly\u017eovat, tak se t\u00edm netrapte! Ly\u017eov\u00e1n\u00ed nen\u00ed jedin\u00e1 \u010dinnost, kterou m\u016f\u017eete d\u011blat v zim\u011b, opravdu ne. M\u016f\u017eete nap\u0159\u00edklad vym\u011bnit ly\u017ee za s\u00e1\u0148ky nebo vyrazit na proch\u00e1zku, obdivovat sn\u011bhem p\u0159ikrytou a mrazem o\u0161lehanou p\u0159\u00edrodu a hlavn\u011b si to nezapome\u0148te u\u017e\u00edvat! To je ze v\u0161eho nejd\u016fle\u017eit\u011bj\u0161\u00ed. A kdy\u017e sebou vezmete sv\u00e9 p\u0159\u00e1tele nebo svoj\u00ed drahou polovi\u010dku, hned bude veseleji! Typy na m\u00edsta, kter\u00e1 byste ur\u010dit\u011b nem\u011bli vynechat najdete na na\u0161em webu. Voln\u00fd \u010das v zim\u011b .                                                                                                                                                                                                                                                                                                                                                                                         4.7\/5 - (6 votes)        "},{"@context":"https:\/\/schema.org\/","@type":"BreadcrumbList","itemListElement":[{"@type":"ListItem","position":1,"name":"Zima nen\u00ed p\u0159ek\u00e1\u017ekou, vyra\u017ete do p\u0159\u00edrody!","item":"https:\/\/www.golija.cz\/zima-neni-prekazkou-vyrazte-do-prirody\/#breadcrumbitem"}]}]